{"id":479,"date":"2022-09-06T09:24:21","date_gmt":"2022-09-06T09:24:21","guid":{"rendered":"https:\/\/matilde.intellego.pt\/?p=479"},"modified":"2022-09-06T09:37:20","modified_gmt":"2022-09-06T09:37:20","slug":"ilustracao-da-historia-frango-a-vida-fora-da-capoeira","status":"publish","type":"post","link":"https:\/\/matilde.intellego.pt\/index.php\/2022\/09\/06\/ilustracao-da-historia-frango-a-vida-fora-da-capoeira\/","title":{"rendered":"Ilustra\u00e7\u00e3o da hist\u00f3ria &#8220;Frango &#8211; A vida fora da capoeira&#8221;"},"content":{"rendered":"\n<p>Uma ilustra\u00e7\u00e3o que fiz para a hist\u00f3ria do corajoso Frango, com o seu amigo Gato.<\/p>\n","protected":false},"excerpt":{"rendered":"<p>Uma ilustra\u00e7\u00e3o que fiz para a hist\u00f3ria do corajoso Frango, com o seu amigo Gato.<\/p>\n","protected":false},"author":1,"featured_media":0,"comment_status":"closed","ping_status":"open","sticky":false,"template":"","format":"standard","meta":{"footnotes":""},"categories":[8,6,13],"tags":[],"_links":{"self":[{"href":"https:\/\/matilde.intellego.pt\/index.php\/wp-json\/wp\/v2\/posts\/479"}],"collection":[{"href":"https:\/\/matilde.intellego.pt\/index.php\/wp-json\/wp\/v2\/posts"}],"about":[{"href":"https:\/\/matilde.intellego.pt\/index.php\/wp-json\/wp\/v2\/types\/post"}],"author":[{"embeddable":true,"href":"https:\/\/matilde.intellego.pt\/index.php\/wp-json\/wp\/v2\/users\/1"}],"replies":[{"embeddable":true,"href":"https:\/\/matilde.intellego.pt\/index.php\/wp-json\/wp\/v2\/comments?post=479"}],"version-history":[{"count":1,"href":"https:\/\/matilde.intellego.pt\/index.php\/wp-json\/wp\/v2\/posts\/479\/revisions"}],"predecessor-version":[{"id":480,"href":"https:\/\/matilde.intellego.pt\/index.php\/wp-json\/wp\/v2\/posts\/479\/revisions\/480"}],"wp:attachment":[{"href":"https:\/\/matilde.intellego.pt\/index.php\/wp-json\/wp\/v2\/media?parent=479"}],"wp:term":[{"taxonomy":"category","embeddable":true,"href":"https:\/\/matilde.intellego.pt\/index.php\/wp-json\/wp\/v2\/categories?post=479"},{"taxonomy":"post_tag","embeddable":true,"href":"https:\/\/matilde.intellego.pt\/index.php\/wp-json\/wp\/v2\/tags?post=479"}],"curies":[{"name":"wp","href":"https:\/\/api.w.org\/{rel}","templated":true}]}}